{"id":1696,"date":"2025-06-19T19:58:32","date_gmt":"2025-06-19T19:58:32","guid":{"rendered":"https:\/\/k4-gladbeck.de\/?p=1696"},"modified":"2025-10-08T15:09:15","modified_gmt":"2025-10-08T15:09:15","slug":"sommerfest-von-k4-und-primus-e-v","status":"publish","type":"post","link":"https:\/\/k4-gladbeck.de\/?p=1696","title":{"rendered":"Sommerfest von K4 und Primus e.V."},"content":{"rendered":"\n<p>Liebe Freunde des K4,<\/p>\n\n\n\n<p>wir laden euch herzlich ein zu unserem gro\u00dfen <strong>Sommerfest des Sozialpastoralen Zentrums K4<\/strong> \u2013 ein Fest f\u00fcr alle Sinne, f\u00fcr Herz und Seele, f\u00fcr Gro\u00df und Klein!<\/p>\n\n\n\n<p><strong>Wann?<\/strong><br><strong>Samstag, 5. Juli 2025<\/strong><br><strong>ab 13:00 Uhr<\/strong><\/p>\n\n\n\n<p><strong>Wo?<\/strong><br>Auf dem Gel\u00e4nde und im Haus des K4, Kirchstra\u00dfe 4\u20136, mitten in Gladbeck.<\/p>\n\n\n\n<p>Gemeinsam mit unseren Freund:innen von <strong>Primus e.V.<\/strong> feiern wir ein buntes und lebendiges Miteinander \u2013 mit Musik, kulinarischen Highlights aus verschiedenen Kulturen, fr\u00f6hlichem Kinderprogramm, spannenden Mitmachaktionen und ganz viel guter Laune!<\/p>\n\n\n\n<p>Freut euch auf:<br>\ud83c\udfa8 Kinderschminken, Bastelaktionen und Spiele<br>\ud83c\udff9 Torwandschie\u00dfen, Pfeil &amp; Bogen, Sackh\u00fcpfen<br>\u2615 Kaffee und Kuchen, Slush-Eis, t\u00fcrkische &amp; ukrainische Spezialit\u00e4ten<br>\ud83e\uddd8\u200d\u2640\ufe0f Einen Ort der Stille im Meditationsraum<br>\ud83d\udc5a Eine Kleiderb\u00f6rse zum St\u00f6bern<br>\ud83c\udfb6 Und nat\u00fcrlich auf gute Gespr\u00e4che und echte Begegnungen<\/p>\n\n\n\n<p>Wir w\u00fcrden uns sehr freuen, wenn ihr dabei seid \u2013 nicht nur als G\u00e4ste, sondern auch als Menschen, die das K4 und seine Arbeit mittragen und mit Leben f\u00fcllen. Kommt vorbei, bringt Familie, Freunde oder Nachbarn mit \u2013 und feiert mit uns das, was Gemeinschaft ausmacht!<\/p>\n\n\n\n<figure class=\"wp-block-image size-large\"><img fetchpriority=\"high\" decoding=\"async\" width=\"1024\" height=\"576\" src=\"https:\/\/k4-gladbeck.de\/wp-content\/uploads\/2025\/06\/Bildschirm-K4-Sommerfest-Vereinsfest-1024x576.png\" alt=\"\" class=\"wp-image-1697\" srcset=\"https:\/\/k4-gladbeck.de\/wp-content\/uploads\/2025\/06\/Bildschirm-K4-Sommerfest-Vereinsfest-1024x576.png 1024w, https:\/\/k4-gladbeck.de\/wp-content\/uploads\/2025\/06\/Bildschirm-K4-Sommerfest-Vereinsfest-300x169.png 300w, https:\/\/k4-gladbeck.de\/wp-content\/uploads\/2025\/06\/Bildschirm-K4-Sommerfest-Vereinsfest-768x432.png 768w, https:\/\/k4-gladbeck.de\/wp-content\/uploads\/2025\/06\/Bildschirm-K4-Sommerfest-Vereinsfest-1536x864.png 1536w, https:\/\/k4-gladbeck.de\/wp-content\/uploads\/2025\/06\/Bildschirm-K4-Sommerfest-Vereinsfest.png 1920w\" sizes=\"(max-width: 1024px) 100vw, 1024px\" \/><\/figure>\n","protected":false},"excerpt":{"rendered":"<p>Liebe Freunde des K4, wir laden euch herzlich ein zu unserem gro\u00dfen Sommerfest des Sozialpastoralen Zentrums K4 \u2013 ein Fest f\u00fcr alle Sinne, f\u00fcr Herz und Seele, f\u00fcr Gro\u00df und Klein! Wann?Samstag, 5. Juli 2025ab 13:00 Uhr Wo?Auf dem Gel\u00e4nde und im Haus des K4, Kirchstra\u00dfe 4\u20136, mitten in Gladbeck. Gemeinsam mit unseren Freund:innen von Primus e.V. feiern wir ein [&hellip;]<\/p>\n","protected":false},"author":1,"featured_media":1697,"comment_status":"open","ping_status":"closed","sticky":false,"template":"","format":"standard","meta":{"_eb_attr":"","footnotes":""},"categories":[1],"tags":[],"class_list":["post-1696","post","type-post","status-publish","format-standard","has-post-thumbnail","hentry","category-uncategorized"],"_links":{"self":[{"href":"https:\/\/k4-gladbeck.de\/index.php?rest_route=\/wp\/v2\/posts\/1696","targetHints":{"allow":["GET"]}}],"collection":[{"href":"https:\/\/k4-gladbeck.de\/index.php?rest_route=\/wp\/v2\/posts"}],"about":[{"href":"https:\/\/k4-gladbeck.de\/index.php?rest_route=\/wp\/v2\/types\/post"}],"author":[{"embeddable":true,"href":"https:\/\/k4-gladbeck.de\/index.php?rest_route=\/wp\/v2\/users\/1"}],"replies":[{"embeddable":true,"href":"https:\/\/k4-gladbeck.de\/index.php?rest_route=%2Fwp%2Fv2%2Fcomments&post=1696"}],"version-history":[{"count":2,"href":"https:\/\/k4-gladbeck.de\/index.php?rest_route=\/wp\/v2\/posts\/1696\/revisions"}],"predecessor-version":[{"id":1699,"href":"https:\/\/k4-gladbeck.de\/index.php?rest_route=\/wp\/v2\/posts\/1696\/revisions\/1699"}],"wp:featuredmedia":[{"embeddable":true,"href":"https:\/\/k4-gladbeck.de\/index.php?rest_route=\/wp\/v2\/media\/1697"}],"wp:attachment":[{"href":"https:\/\/k4-gladbeck.de\/index.php?rest_route=%2Fwp%2Fv2%2Fmedia&parent=1696"}],"wp:term":[{"taxonomy":"category","embeddable":true,"href":"https:\/\/k4-gladbeck.de\/index.php?rest_route=%2Fwp%2Fv2%2Fcategories&post=1696"},{"taxonomy":"post_tag","embeddable":true,"href":"https:\/\/k4-gladbeck.de\/index.php?rest_route=%2Fwp%2Fv2%2Ftags&post=1696"}],"curies":[{"name":"wp","href":"https:\/\/api.w.org\/{rel}","templated":true}]}}