{"id":1649,"date":"2024-11-11T14:44:40","date_gmt":"2024-11-11T14:44:40","guid":{"rendered":"https:\/\/k4-gladbeck.de\/?p=1649"},"modified":"2024-11-11T14:44:40","modified_gmt":"2024-11-11T14:44:40","slug":"paketaktion-freude-schenken-im-k4","status":"publish","type":"post","link":"https:\/\/k4-gladbeck.de\/?p=1649","title":{"rendered":"Paketaktion &#8222;Freude schenken&#8220; im K4"},"content":{"rendered":"\n<p><strong>Die Caritas l\u00e4dt mit der Paketaktion \u201eFreude-Schenken\u201c zum Mitmachen ein. Start der Aktion ist am St. Martinstag, 11. November.<\/strong><\/p>\n\n\n\n<figure class=\"wp-block-image size-full\"><img fetchpriority=\"high\" decoding=\"async\" width=\"700\" height=\"466\" src=\"https:\/\/k4-gladbeck.de\/wp-content\/uploads\/2024\/11\/Start_Paketaktion_2024.jpg\" alt=\"\" class=\"wp-image-1650\" srcset=\"https:\/\/k4-gladbeck.de\/wp-content\/uploads\/2024\/11\/Start_Paketaktion_2024.jpg 700w, https:\/\/k4-gladbeck.de\/wp-content\/uploads\/2024\/11\/Start_Paketaktion_2024-300x200.jpg 300w, https:\/\/k4-gladbeck.de\/wp-content\/uploads\/2024\/11\/Start_Paketaktion_2024-600x400.jpg 600w\" sizes=\"(max-width: 700px) 100vw, 700px\" \/><\/figure>\n\n\n\n<p>An St. Martin startet die Caritas im Bistum Essen erneut ihre Paketaktion &#8222;Freude schenken&#8220;. Auch die Caritas in Gladbeck beteiligt sich. Rund um Weihnachten sollen diejenigen beschenkt werden, die es sich entweder nicht leisten k\u00f6nnen, zu schenken, oder selbst niemanden haben, der sie beschenkt.<\/p>\n\n\n\n<p>&nbsp;&#8222;In unseren Diensten und Einrichtungen erleben wir t\u00e4glich, wie die Not vieler Menschen immer gr\u00f6\u00dfer wird&#8220;, sagt Caritasvorstand Wieland Kleinheisterkamp. &#8222;Gerade f\u00fcr Menschen, die dar\u00fcber hinaus noch allein leben, die arm, alt, krank oder einsam sind, kann das Weihnachtsfest damit zur psychischen Belastung werden. Unser Ziel ist, dass auch diese Menschen sp\u00fcren, dass jemand an sie denkt. Wer also Freude schenken m\u00f6chte, ist herzlich eingeladen mitzumachen.&#8220;<\/p>\n\n\n\n<h4 class=\"wp-block-heading\">Freude-Schenken, wie geht das?<\/h4>\n\n\n\n<p>Ab sofort werden die Pakete mit Hilfe der CKD in den Gemeinden und Kinderg\u00e4rten ausgegeben, sowie in der Gladbeck Information, Altes Rathaus, Zimmer 19. Denn auch die Mitarbeiterinnen und Mitarbeiter der Stadtverwaltung unterst\u00fctzen die Aktion erneut und werden selbst flei\u00dfig Pakete packen. Zu jedem Karton gibt es einen Aufkleber, auf dem vermerkt werden kann, f\u00fcr wen das Paket bestimmt ist &#8211; zum Beispiel f\u00fcr Kinder, Familien, Frauen oder M\u00e4nner. Zudem gibt es eine Vorschlagliste f\u00fcr m\u00f6gliche Paketinhalte. Gepackte Pakete k\u00f6nnen bis zum 24. November in den Gemeinden und bis zum 29. November in der Caritas-Gesch\u00e4ftsstelle in der Kirchstra\u00dfe abgegeben werden. Die R\u00fcckgabe in der Gladbeck Information muss bis sp\u00e4testens Donnerstagmittag, 28. November, erfolgen. Auch Schulen, Kinderg\u00e4rten, Firmen und \u00f6ffentliche Einrichtungen sind herzlich eingeladen, sich an der Aktion zu beteiligen.&nbsp;<\/p>\n\n\n\n<p><strong>Die Weihnachtspakete werden im K4, Kirchstra\u00dfe 4-6, an bed\u00fcrftige Menschen (Nachweis ist notwendig) ab Montag, 02. Dezember, bis Mittwoch, 04. Dezember, jeweils von 9 bis 12 Uhr und von 12:30 bis 15 Uhr ausgegeben &#8211; solange der Vorrat reicht.<\/strong><\/p>\n","protected":false},"excerpt":{"rendered":"<p>Die Caritas l\u00e4dt mit der Paketaktion \u201eFreude-Schenken\u201c zum Mitmachen ein. Start der Aktion ist am St. Martinstag, 11. November. An St. Martin startet die Caritas im Bistum Essen erneut ihre Paketaktion &#8222;Freude schenken&#8220;. Auch die Caritas in Gladbeck beteiligt sich. Rund um Weihnachten sollen diejenigen beschenkt werden, die es sich entweder nicht leisten k\u00f6nnen, zu schenken, oder selbst niemanden haben, [&hellip;]<\/p>\n","protected":false},"author":1,"featured_media":0,"comment_status":"open","ping_status":"closed","sticky":false,"template":"","format":"standard","meta":{"_eb_attr":"","footnotes":""},"categories":[1],"tags":[],"class_list":["post-1649","post","type-post","status-publish","format-standard","hentry","category-uncategorized"],"_links":{"self":[{"href":"https:\/\/k4-gladbeck.de\/index.php?rest_route=\/wp\/v2\/posts\/1649","targetHints":{"allow":["GET"]}}],"collection":[{"href":"https:\/\/k4-gladbeck.de\/index.php?rest_route=\/wp\/v2\/posts"}],"about":[{"href":"https:\/\/k4-gladbeck.de\/index.php?rest_route=\/wp\/v2\/types\/post"}],"author":[{"embeddable":true,"href":"https:\/\/k4-gladbeck.de\/index.php?rest_route=\/wp\/v2\/users\/1"}],"replies":[{"embeddable":true,"href":"https:\/\/k4-gladbeck.de\/index.php?rest_route=%2Fwp%2Fv2%2Fcomments&post=1649"}],"version-history":[{"count":1,"href":"https:\/\/k4-gladbeck.de\/index.php?rest_route=\/wp\/v2\/posts\/1649\/revisions"}],"predecessor-version":[{"id":1651,"href":"https:\/\/k4-gladbeck.de\/index.php?rest_route=\/wp\/v2\/posts\/1649\/revisions\/1651"}],"wp:attachment":[{"href":"https:\/\/k4-gladbeck.de\/index.php?rest_route=%2Fwp%2Fv2%2Fmedia&parent=1649"}],"wp:term":[{"taxonomy":"category","embeddable":true,"href":"https:\/\/k4-gladbeck.de\/index.php?rest_route=%2Fwp%2Fv2%2Fcategories&post=1649"},{"taxonomy":"post_tag","embeddable":true,"href":"https:\/\/k4-gladbeck.de\/index.php?rest_route=%2Fwp%2Fv2%2Ftags&post=1649"}],"curies":[{"name":"wp","href":"https:\/\/api.w.org\/{rel}","templated":true}]}}